{"id":90,"count":19,"description":"Fedeco a un acc\u00e8s direct aux zones de production de pommes de terre situ\u00e9es \u00e0 proximit\u00e9 en Belgique et aux Pays-Bas. Parmi le large \u00e9ventail de vari\u00e9t\u00e9s, nous s\u00e9lectionnons les produits \u00e0 base de pommes de terre qui correspondent aux pr\u00e9f\u00e9rences gustatives de vos consommateurs.","link":"https:\/\/fedeco.eu\/fr\/product-category\/produits-a-base-de-pommes-de-terre\/","name":"Produits \u00e0 base de pommes de terre","slug":"produits-a-base-de-pommes-de-terre","taxonomy":"product_categorie","parent":0,"meta":[],"yoast_head":"<!-- This site is optimized with the Yoast SEO plugin v27.3 - https:\/\/yoast.com\/product\/yoast-seo-wordpress\/ -->\n<title>Produits \u00e0 base de pommes de terre - Fedeco<\/title>\n<meta name=\"description\" content=\"Fedeco a un acc\u00e8s direct aux zones de production de pommes de terre situ\u00e9es \u00e0 proximit\u00e9 en Belgique et aux Pays-Bas.\" \/>\n<meta name=\"robots\" content=\"index, follow, max-snippet:-1, max-image-preview:large, max-video-preview:-1\" \/>\n<link rel=\"canonical\" href=\"https:\/\/fedeco.eu\/fr\/product-category\/produits-a-base-de-pommes-de-terre\/\" \/>\n<meta property=\"og:locale\" content=\"fr_FR\" \/>\n<meta property=\"og:type\" content=\"article\" \/>\n<meta property=\"og:title\" content=\"Produits \u00e0 base de pommes de terre - Fedeco\" \/>\n<meta property=\"og:description\" content=\"Fedeco a un acc\u00e8s direct aux zones de production de pommes de terre situ\u00e9es \u00e0 proximit\u00e9 en Belgique et aux Pays-Bas.\" \/>\n<meta property=\"og:url\" content=\"https:\/\/fedeco.eu\/fr\/product-category\/produits-a-base-de-pommes-de-terre\/\" \/>\n<meta property=\"og:site_name\" content=\"Fedeco\" \/>\n<meta name=\"twitter:card\" content=\"summary_large_image\" \/>\n<script type=\"application\/ld+json\" class=\"yoast-schema-graph\">{\"@context\":\"https:\\\/\\\/schema.org\",\"@graph\":[{\"@type\":\"CollectionPage\",\"@id\":\"https:\\\/\\\/fedeco.eu\\\/fr\\\/product-category\\\/produits-a-base-de-pommes-de-terre\\\/\",\"url\":\"https:\\\/\\\/fedeco.eu\\\/fr\\\/product-category\\\/produits-a-base-de-pommes-de-terre\\\/\",\"name\":\"Produits \u00e0 base de pommes de terre - Fedeco\",\"isPartOf\":{\"@id\":\"https:\\\/\\\/fedeco.eu\\\/#website\"},\"description\":\"Fedeco a un acc\u00e8s direct aux zones de production de pommes de terre situ\u00e9es \u00e0 proximit\u00e9 en Belgique et aux Pays-Bas.\",\"breadcrumb\":{\"@id\":\"https:\\\/\\\/fedeco.eu\\\/fr\\\/product-category\\\/produits-a-base-de-pommes-de-terre\\\/#breadcrumb\"},\"inLanguage\":\"fr-FR\"},{\"@type\":\"BreadcrumbList\",\"@id\":\"https:\\\/\\\/fedeco.eu\\\/fr\\\/product-category\\\/produits-a-base-de-pommes-de-terre\\\/#breadcrumb\",\"itemListElement\":[{\"@type\":\"ListItem\",\"position\":1,\"name\":\"Home\",\"item\":\"https:\\\/\\\/fedeco.eu\\\/fr\\\/\"},{\"@type\":\"ListItem\",\"position\":2,\"name\":\"Produits \u00e0 base de pommes de terre\"}]},{\"@type\":\"WebSite\",\"@id\":\"https:\\\/\\\/fedeco.eu\\\/#website\",\"url\":\"https:\\\/\\\/fedeco.eu\\\/\",\"name\":\"Fedeco\",\"description\":\"In food we trust\",\"potentialAction\":[{\"@type\":\"SearchAction\",\"target\":{\"@type\":\"EntryPoint\",\"urlTemplate\":\"https:\\\/\\\/fedeco.eu\\\/?s={search_term_string}\"},\"query-input\":{\"@type\":\"PropertyValueSpecification\",\"valueRequired\":true,\"valueName\":\"search_term_string\"}}],\"inLanguage\":\"fr-FR\"}]}<\/script>\n<!-- \/ Yoast SEO plugin. -->","yoast_head_json":{"title":"Produits \u00e0 base de pommes de terre - Fedeco","description":"Fedeco a un acc\u00e8s direct aux zones de production de pommes de terre situ\u00e9es \u00e0 proximit\u00e9 en Belgique et aux Pays-Bas.","robots":{"index":"index","follow":"follow","max-snippet":"max-snippet:-1","max-image-preview":"max-image-preview:large","max-video-preview":"max-video-preview:-1"},"canonical":"https:\/\/fedeco.eu\/fr\/product-category\/produits-a-base-de-pommes-de-terre\/","og_locale":"fr_FR","og_type":"article","og_title":"Produits \u00e0 base de pommes de terre - Fedeco","og_description":"Fedeco a un acc\u00e8s direct aux zones de production de pommes de terre situ\u00e9es \u00e0 proximit\u00e9 en Belgique et aux Pays-Bas.","og_url":"https:\/\/fedeco.eu\/fr\/product-category\/produits-a-base-de-pommes-de-terre\/","og_site_name":"Fedeco","twitter_card":"summary_large_image","schema":{"@context":"https:\/\/schema.org","@graph":[{"@type":"CollectionPage","@id":"https:\/\/fedeco.eu\/fr\/product-category\/produits-a-base-de-pommes-de-terre\/","url":"https:\/\/fedeco.eu\/fr\/product-category\/produits-a-base-de-pommes-de-terre\/","name":"Produits \u00e0 base de pommes de terre - Fedeco","isPartOf":{"@id":"https:\/\/fedeco.eu\/#website"},"description":"Fedeco a un acc\u00e8s direct aux zones de production de pommes de terre situ\u00e9es \u00e0 proximit\u00e9 en Belgique et aux Pays-Bas.","breadcrumb":{"@id":"https:\/\/fedeco.eu\/fr\/product-category\/produits-a-base-de-pommes-de-terre\/#breadcrumb"},"inLanguage":"fr-FR"},{"@type":"BreadcrumbList","@id":"https:\/\/fedeco.eu\/fr\/product-category\/produits-a-base-de-pommes-de-terre\/#breadcrumb","itemListElement":[{"@type":"ListItem","position":1,"name":"Home","item":"https:\/\/fedeco.eu\/fr\/"},{"@type":"ListItem","position":2,"name":"Produits \u00e0 base de pommes de terre"}]},{"@type":"WebSite","@id":"https:\/\/fedeco.eu\/#website","url":"https:\/\/fedeco.eu\/","name":"Fedeco","description":"In food we trust","potentialAction":[{"@type":"SearchAction","target":{"@type":"EntryPoint","urlTemplate":"https:\/\/fedeco.eu\/?s={search_term_string}"},"query-input":{"@type":"PropertyValueSpecification","valueRequired":true,"valueName":"search_term_string"}}],"inLanguage":"fr-FR"}]}},"_links":{"self":[{"href":"https:\/\/fedeco.eu\/fr\/wp-json\/wp\/v2\/product_categorie\/90","targetHints":{"allow":["GET"]}}],"collection":[{"href":"https:\/\/fedeco.eu\/fr\/wp-json\/wp\/v2\/product_categorie"}],"about":[{"href":"https:\/\/fedeco.eu\/fr\/wp-json\/wp\/v2\/taxonomies\/product_categorie"}],"wp:post_type":[{"href":"https:\/\/fedeco.eu\/fr\/wp-json\/wp\/v2\/product?product_categorie=90"}],"curies":[{"name":"wp","href":"https:\/\/api.w.org\/{rel}","templated":true}]}}